{"id":8289,"date":"2020-01-10T19:37:12","date_gmt":"2020-01-10T17:37:12","guid":{"rendered":"http:\/\/www.gfs-umweltausschuss.de\/?p=8289"},"modified":"2020-01-10T19:38:12","modified_gmt":"2020-01-10T17:38:12","slug":"schulgarten-ag-themen-komposthaufen-und-waelder","status":"publish","type":"post","link":"https:\/\/www.gfs-umweltausschuss.de\/?p=8289","title":{"rendered":"Schulgarten-AG:  Themen Komposthaufen und W\u00e4lder"},"content":{"rendered":"<p><a href=\"http:\/\/www.gfs-umweltausschuss.de\/wp-content\/uploads\/B\u00e4ume.jpg\" target=\"_blank\" rel=\"noopener noreferrer\"><img loading=\"lazy\" decoding=\"async\" class=\"alignleft wp-image-8290\" src=\"http:\/\/www.gfs-umweltausschuss.de\/wp-content\/uploads\/B\u00e4ume-150x150.jpg\" alt=\"\" width=\"120\" height=\"120\" \/><\/a>Im ersten Teil des Treffens stellte uns Lena Siemering das Thema &#8222;Komposthaufen&#8220; vor, mit dem sie sich im Rahmen des Seminarfachs Bus eingehend besch\u00e4ftigt hatte &#8211; sehr interessant!<br \/>\nIm zweiten Teil lernten wir bei einem Waldspiel viel \u00fcber W\u00e4lder und ihre Bewohner.<\/p>\n<p>In der n\u00e4chsten Woche wollen wir mit dem &#8222;Reste-Baum&#8220; beginnen, also bitte Sachen mitbringen!<\/p>\n","protected":false},"excerpt":{"rendered":"<p>Im ersten Teil des Treffens stellte uns Lena Siemering das Thema &#8222;Komposthaufen&#8220; vor, mit dem sie sich im Rahmen des Seminarfachs Bus eingehend besch\u00e4ftigt hatte &#8211; sehr interessant! Im zweiten Teil lernten wir bei einem Waldspiel viel \u00fcber W\u00e4lder und ihre Bewohner. In der n\u00e4chsten Woche wollen wir mit dem &#8222;Reste-Baum&#8220; beginnen, also bitte Sachen [&hellip;]<\/p>\n","protected":false},"author":3,"featured_media":0,"comment_status":"open","ping_status":"closed","sticky":false,"template":"","format":"standard","meta":{"footnotes":""},"categories":[9,10],"tags":[],"class_list":["post-8289","post","type-post","status-publish","format-standard","hentry","category-schulgarten","category-tiere"],"_links":{"self":[{"href":"https:\/\/www.gfs-umweltausschuss.de\/index.php?rest_route=\/wp\/v2\/posts\/8289","targetHints":{"allow":["GET"]}}],"collection":[{"href":"https:\/\/www.gfs-umweltausschuss.de\/index.php?rest_route=\/wp\/v2\/posts"}],"about":[{"href":"https:\/\/www.gfs-umweltausschuss.de\/index.php?rest_route=\/wp\/v2\/types\/post"}],"author":[{"embeddable":true,"href":"https:\/\/www.gfs-umweltausschuss.de\/index.php?rest_route=\/wp\/v2\/users\/3"}],"replies":[{"embeddable":true,"href":"https:\/\/www.gfs-umweltausschuss.de\/index.php?rest_route=%2Fwp%2Fv2%2Fcomments&post=8289"}],"version-history":[{"count":2,"href":"https:\/\/www.gfs-umweltausschuss.de\/index.php?rest_route=\/wp\/v2\/posts\/8289\/revisions"}],"predecessor-version":[{"id":8292,"href":"https:\/\/www.gfs-umweltausschuss.de\/index.php?rest_route=\/wp\/v2\/posts\/8289\/revisions\/8292"}],"wp:attachment":[{"href":"https:\/\/www.gfs-umweltausschuss.de\/index.php?rest_route=%2Fwp%2Fv2%2Fmedia&parent=8289"}],"wp:term":[{"taxonomy":"category","embeddable":true,"href":"https:\/\/www.gfs-umweltausschuss.de\/index.php?rest_route=%2Fwp%2Fv2%2Fcategories&post=8289"},{"taxonomy":"post_tag","embeddable":true,"href":"https:\/\/www.gfs-umweltausschuss.de\/index.php?rest_route=%2Fwp%2Fv2%2Ftags&post=8289"}],"curies":[{"name":"wp","href":"https:\/\/api.w.org\/{rel}","templated":true}]}}