{"id":8296,"date":"2020-01-17T23:49:05","date_gmt":"2020-01-17T21:49:05","guid":{"rendered":"http:\/\/www.gfs-umweltausschuss.de\/?p=8296"},"modified":"2020-01-21T00:56:47","modified_gmt":"2020-01-20T22:56:47","slug":"reste-baum-der-schulgarten-ag","status":"publish","type":"post","link":"https:\/\/www.gfs-umweltausschuss.de\/?p=8296","title":{"rendered":"&#8222;Reste-Baum&#8220; der Schulgarten-AG"},"content":{"rendered":"<p><a href=\"http:\/\/www.gfs-umweltausschuss.de\/wp-content\/uploads\/200116_Restebaum-72.jpg\" target=\"_blank\" rel=\"noopener noreferrer\"><img loading=\"lazy\" decoding=\"async\" class=\"alignleft wp-image-8297\" src=\"http:\/\/www.gfs-umweltausschuss.de\/wp-content\/uploads\/200116_Restebaum-72-150x150.jpg\" alt=\"\" width=\"120\" height=\"120\" \/><\/a>In den n\u00e4chsten Tagen soll im Lichthof ein &#8222;Reste-Baum&#8220; entstehen; der Grundstock steht.<br \/>\nW\u00e4hrend ein Teil der Gruppe den Baum vorbereitete, sammelten andere M\u00fcll oder arbeiteten im Schulgarten.<\/p>\n","protected":false},"excerpt":{"rendered":"<p>In den n\u00e4chsten Tagen soll im Lichthof ein &#8222;Reste-Baum&#8220; entstehen; der Grundstock steht. W\u00e4hrend ein Teil der Gruppe den Baum vorbereitete, sammelten andere M\u00fcll oder arbeiteten im Schulgarten.<\/p>\n","protected":false},"author":3,"featured_media":0,"comment_status":"open","ping_status":"closed","sticky":false,"template":"","format":"standard","meta":{"footnotes":""},"categories":[12,9],"tags":[],"class_list":["post-8296","post","type-post","status-publish","format-standard","hentry","category-muell","category-schulgarten"],"_links":{"self":[{"href":"https:\/\/www.gfs-umweltausschuss.de\/index.php?rest_route=\/wp\/v2\/posts\/8296","targetHints":{"allow":["GET"]}}],"collection":[{"href":"https:\/\/www.gfs-umweltausschuss.de\/index.php?rest_route=\/wp\/v2\/posts"}],"about":[{"href":"https:\/\/www.gfs-umweltausschuss.de\/index.php?rest_route=\/wp\/v2\/types\/post"}],"author":[{"embeddable":true,"href":"https:\/\/www.gfs-umweltausschuss.de\/index.php?rest_route=\/wp\/v2\/users\/3"}],"replies":[{"embeddable":true,"href":"https:\/\/www.gfs-umweltausschuss.de\/index.php?rest_route=%2Fwp%2Fv2%2Fcomments&post=8296"}],"version-history":[{"count":3,"href":"https:\/\/www.gfs-umweltausschuss.de\/index.php?rest_route=\/wp\/v2\/posts\/8296\/revisions"}],"predecessor-version":[{"id":8302,"href":"https:\/\/www.gfs-umweltausschuss.de\/index.php?rest_route=\/wp\/v2\/posts\/8296\/revisions\/8302"}],"wp:attachment":[{"href":"https:\/\/www.gfs-umweltausschuss.de\/index.php?rest_route=%2Fwp%2Fv2%2Fmedia&parent=8296"}],"wp:term":[{"taxonomy":"category","embeddable":true,"href":"https:\/\/www.gfs-umweltausschuss.de\/index.php?rest_route=%2Fwp%2Fv2%2Fcategories&post=8296"},{"taxonomy":"post_tag","embeddable":true,"href":"https:\/\/www.gfs-umweltausschuss.de\/index.php?rest_route=%2Fwp%2Fv2%2Ftags&post=8296"}],"curies":[{"name":"wp","href":"https:\/\/api.w.org\/{rel}","templated":true}]}}