{"id":8309,"date":"2020-01-29T23:09:55","date_gmt":"2020-01-29T21:09:55","guid":{"rendered":"http:\/\/www.gfs-umweltausschuss.de\/?p=8309"},"modified":"2020-01-31T01:28:58","modified_gmt":"2020-01-30T23:28:58","slug":"auf-zum-entkusseln","status":"publish","type":"post","link":"https:\/\/www.gfs-umweltausschuss.de\/?p=8309","title":{"rendered":"Auf zum Entkusseln"},"content":{"rendered":"<p><a href=\"http:\/\/www.gfs-umweltausschuss.de\/wp-content\/uploads\/200121_Entkusseln_Collage-72.jpg\" target=\"_blank\" rel=\"noopener noreferrer\"><img loading=\"lazy\" decoding=\"async\" class=\"alignleft wp-image-8310\" src=\"http:\/\/www.gfs-umweltausschuss.de\/wp-content\/uploads\/200121_Entkusseln_Collage-72-150x150.jpg\" alt=\"\" width=\"120\" height=\"120\" \/><\/a>Am 21. Januar 2020 hatten die Klassen 7b und 8c der Graf-Friedrich-Schule Diepholz mit ihren Klassenlehrerinnen Maike Scharf und Nicole Dannhus im Diepholzer Moor jede Menge Spa\u00df.\u00a0Sie waren einer Einladung des Naturparks D\u00fcmmer gefolgt, der regelm\u00e4\u00dfig die Schulen um Mithilfe beim Entkusseln bittet, um das Moor vor dem Austrocknen zu bewahren. Zum Bericht auf der GFS-HP geht es <a href=\"https:\/\/www.gfs-diepholz.de\/auf-zum-entkusseln\/\" target=\"_blank\" rel=\"noopener noreferrer\">hier<\/a>, zum Bericht auf der HP des Naturparks D\u00fcmmer <a href=\"https:\/\/www.naturpark-duemmer.de\/infos-und-kontakt\/aktuelles\/details\/naturparkschulen-entkusseln-das-moor.html\" target=\"_blank\" rel=\"noopener noreferrer\">hier<\/a>.<\/p>\n","protected":false},"excerpt":{"rendered":"<p>Am 21. Januar 2020 hatten die Klassen 7b und 8c der Graf-Friedrich-Schule Diepholz mit ihren Klassenlehrerinnen Maike Scharf und Nicole Dannhus im Diepholzer Moor jede Menge Spa\u00df.\u00a0Sie waren einer Einladung des Naturparks D\u00fcmmer gefolgt, der regelm\u00e4\u00dfig die Schulen um Mithilfe beim Entkusseln bittet, um das Moor vor dem Austrocknen zu bewahren. Zum Bericht auf der [&hellip;]<\/p>\n","protected":false},"author":3,"featured_media":0,"comment_status":"open","ping_status":"closed","sticky":false,"template":"","format":"standard","meta":{"footnotes":""},"categories":[13,14,4],"tags":[],"class_list":["post-8309","post","type-post","status-publish","format-standard","hentry","category-moor","category-naturpark-duemmer","category-umweltaktionen"],"_links":{"self":[{"href":"https:\/\/www.gfs-umweltausschuss.de\/index.php?rest_route=\/wp\/v2\/posts\/8309","targetHints":{"allow":["GET"]}}],"collection":[{"href":"https:\/\/www.gfs-umweltausschuss.de\/index.php?rest_route=\/wp\/v2\/posts"}],"about":[{"href":"https:\/\/www.gfs-umweltausschuss.de\/index.php?rest_route=\/wp\/v2\/types\/post"}],"author":[{"embeddable":true,"href":"https:\/\/www.gfs-umweltausschuss.de\/index.php?rest_route=\/wp\/v2\/users\/3"}],"replies":[{"embeddable":true,"href":"https:\/\/www.gfs-umweltausschuss.de\/index.php?rest_route=%2Fwp%2Fv2%2Fcomments&post=8309"}],"version-history":[{"count":3,"href":"https:\/\/www.gfs-umweltausschuss.de\/index.php?rest_route=\/wp\/v2\/posts\/8309\/revisions"}],"predecessor-version":[{"id":8313,"href":"https:\/\/www.gfs-umweltausschuss.de\/index.php?rest_route=\/wp\/v2\/posts\/8309\/revisions\/8313"}],"wp:attachment":[{"href":"https:\/\/www.gfs-umweltausschuss.de\/index.php?rest_route=%2Fwp%2Fv2%2Fmedia&parent=8309"}],"wp:term":[{"taxonomy":"category","embeddable":true,"href":"https:\/\/www.gfs-umweltausschuss.de\/index.php?rest_route=%2Fwp%2Fv2%2Fcategories&post=8309"},{"taxonomy":"post_tag","embeddable":true,"href":"https:\/\/www.gfs-umweltausschuss.de\/index.php?rest_route=%2Fwp%2Fv2%2Ftags&post=8309"}],"curies":[{"name":"wp","href":"https:\/\/api.w.org\/{rel}","templated":true}]}}