{"id":8333,"date":"2020-02-16T02:59:03","date_gmt":"2020-02-16T00:59:03","guid":{"rendered":"http:\/\/www.gfs-umweltausschuss.de\/?p=8333"},"modified":"2020-02-17T23:45:07","modified_gmt":"2020-02-17T21:45:07","slug":"schulgarten-ag-thema-muell","status":"publish","type":"post","link":"https:\/\/www.gfs-umweltausschuss.de\/?p=8333","title":{"rendered":"Schulgarten-AG, Thema: M\u00fcll"},"content":{"rendered":"<p><a href=\"http:\/\/www.gfs-umweltausschuss.de\/wp-content\/uploads\/M\u00fcll.pdf\" target=\"_blank\" rel=\"noopener noreferrer\"><img loading=\"lazy\" decoding=\"async\" class=\"alignleft wp-image-8335\" src=\"http:\/\/www.gfs-umweltausschuss.de\/wp-content\/uploads\/200213_Restebaum-150x150.jpg\" alt=\"\" width=\"120\" height=\"120\" \/><\/a>Unser\u00a0&#8222;M\u00fcll-Baum&#8220; hat mittlerweile betr\u00e4chtlich an Masse gewonnen. Beim Treffen der Schulgarten-AG stand diesmal das <a href=\"http:\/\/www.gfs-umweltausschuss.de\/wp-content\/uploads\/M\u00fcll.pdf\" target=\"_blank\" rel=\"noopener noreferrer\">Thema &#8222;M\u00fcll&#8220;<\/a> auf der Agenda.<\/p>\n<p>&nbsp;<\/p>\n","protected":false},"excerpt":{"rendered":"<p>Unser\u00a0&#8222;M\u00fcll-Baum&#8220; hat mittlerweile betr\u00e4chtlich an Masse gewonnen. Beim Treffen der Schulgarten-AG stand diesmal das Thema &#8222;M\u00fcll&#8220; auf der Agenda. &nbsp;<\/p>\n","protected":false},"author":3,"featured_media":0,"comment_status":"open","ping_status":"closed","sticky":false,"template":"","format":"standard","meta":{"footnotes":""},"categories":[12,4],"tags":[],"class_list":["post-8333","post","type-post","status-publish","format-standard","hentry","category-muell","category-umweltaktionen"],"_links":{"self":[{"href":"https:\/\/www.gfs-umweltausschuss.de\/index.php?rest_route=\/wp\/v2\/posts\/8333","targetHints":{"allow":["GET"]}}],"collection":[{"href":"https:\/\/www.gfs-umweltausschuss.de\/index.php?rest_route=\/wp\/v2\/posts"}],"about":[{"href":"https:\/\/www.gfs-umweltausschuss.de\/index.php?rest_route=\/wp\/v2\/types\/post"}],"author":[{"embeddable":true,"href":"https:\/\/www.gfs-umweltausschuss.de\/index.php?rest_route=\/wp\/v2\/users\/3"}],"replies":[{"embeddable":true,"href":"https:\/\/www.gfs-umweltausschuss.de\/index.php?rest_route=%2Fwp%2Fv2%2Fcomments&post=8333"}],"version-history":[{"count":6,"href":"https:\/\/www.gfs-umweltausschuss.de\/index.php?rest_route=\/wp\/v2\/posts\/8333\/revisions"}],"predecessor-version":[{"id":8342,"href":"https:\/\/www.gfs-umweltausschuss.de\/index.php?rest_route=\/wp\/v2\/posts\/8333\/revisions\/8342"}],"wp:attachment":[{"href":"https:\/\/www.gfs-umweltausschuss.de\/index.php?rest_route=%2Fwp%2Fv2%2Fmedia&parent=8333"}],"wp:term":[{"taxonomy":"category","embeddable":true,"href":"https:\/\/www.gfs-umweltausschuss.de\/index.php?rest_route=%2Fwp%2Fv2%2Fcategories&post=8333"},{"taxonomy":"post_tag","embeddable":true,"href":"https:\/\/www.gfs-umweltausschuss.de\/index.php?rest_route=%2Fwp%2Fv2%2Ftags&post=8333"}],"curies":[{"name":"wp","href":"https:\/\/api.w.org\/{rel}","templated":true}]}}