{"id":8347,"date":"2020-02-24T23:33:03","date_gmt":"2020-02-24T21:33:03","guid":{"rendered":"http:\/\/www.gfs-umweltausschuss.de\/?p=8347"},"modified":"2020-02-25T20:51:44","modified_gmt":"2020-02-25T18:51:44","slug":"besuch-bei-der-wolfsausstellung-in-den-moorwelten","status":"publish","type":"post","link":"https:\/\/www.gfs-umweltausschuss.de\/?p=8347","title":{"rendered":"Besuch bei der Wolfsausstellung in den Moorwelten"},"content":{"rendered":"<p><a href=\"http:\/\/www.gfs-umweltausschuss.de\/wp-content\/uploads\/200219_Wolfsausstellung-72.jpg\" target=\"_blank\" rel=\"noopener noreferrer\"><img loading=\"lazy\" decoding=\"async\" class=\"alignleft wp-image-8348\" src=\"http:\/\/www.gfs-umweltausschuss.de\/wp-content\/uploads\/200219_Wolfsausstellung-72-150x150.jpg\" alt=\"\" width=\"120\" height=\"120\" \/><\/a>Die Sch\u00fclerinnen und Sch\u00fcler der Klassen 5a und 5d besuchten am 19.2.2020 mit ihren Lehrerinnen Frau Ortner, Frau Wei\u00df und Frau Buse die Ausstellung\u00a0<em>\u201e<\/em>Der Wolf \u2013 ein Wildtier kehrt zur\u00fcck<em>\u201c<\/em>\u00a0in den Moorwelten in Str\u00f6hen. <a href=\"https:\/\/www.gfs-diepholz.de\/besuch-bei-der-wolfsausstellung-in-den-moorwelten\/\" target=\"_blank\" rel=\"noopener noreferrer\">Hier<\/a> geht es zum Bericht.<\/p>\n","protected":false},"excerpt":{"rendered":"<p>Die Sch\u00fclerinnen und Sch\u00fcler der Klassen 5a und 5d besuchten am 19.2.2020 mit ihren Lehrerinnen Frau Ortner, Frau Wei\u00df und Frau Buse die Ausstellung\u00a0\u201eDer Wolf \u2013 ein Wildtier kehrt zur\u00fcck\u201c\u00a0in den Moorwelten in Str\u00f6hen. Hier geht es zum Bericht.<\/p>\n","protected":false},"author":3,"featured_media":0,"comment_status":"open","ping_status":"closed","sticky":false,"template":"","format":"standard","meta":{"footnotes":""},"categories":[14,4],"tags":[],"class_list":["post-8347","post","type-post","status-publish","format-standard","hentry","category-naturpark-duemmer","category-umweltaktionen"],"_links":{"self":[{"href":"https:\/\/www.gfs-umweltausschuss.de\/index.php?rest_route=\/wp\/v2\/posts\/8347","targetHints":{"allow":["GET"]}}],"collection":[{"href":"https:\/\/www.gfs-umweltausschuss.de\/index.php?rest_route=\/wp\/v2\/posts"}],"about":[{"href":"https:\/\/www.gfs-umweltausschuss.de\/index.php?rest_route=\/wp\/v2\/types\/post"}],"author":[{"embeddable":true,"href":"https:\/\/www.gfs-umweltausschuss.de\/index.php?rest_route=\/wp\/v2\/users\/3"}],"replies":[{"embeddable":true,"href":"https:\/\/www.gfs-umweltausschuss.de\/index.php?rest_route=%2Fwp%2Fv2%2Fcomments&post=8347"}],"version-history":[{"count":4,"href":"https:\/\/www.gfs-umweltausschuss.de\/index.php?rest_route=\/wp\/v2\/posts\/8347\/revisions"}],"predecessor-version":[{"id":8352,"href":"https:\/\/www.gfs-umweltausschuss.de\/index.php?rest_route=\/wp\/v2\/posts\/8347\/revisions\/8352"}],"wp:attachment":[{"href":"https:\/\/www.gfs-umweltausschuss.de\/index.php?rest_route=%2Fwp%2Fv2%2Fmedia&parent=8347"}],"wp:term":[{"taxonomy":"category","embeddable":true,"href":"https:\/\/www.gfs-umweltausschuss.de\/index.php?rest_route=%2Fwp%2Fv2%2Fcategories&post=8347"},{"taxonomy":"post_tag","embeddable":true,"href":"https:\/\/www.gfs-umweltausschuss.de\/index.php?rest_route=%2Fwp%2Fv2%2Ftags&post=8347"}],"curies":[{"name":"wp","href":"https:\/\/api.w.org\/{rel}","templated":true}]}}