{"id":8417,"date":"2020-03-30T16:32:00","date_gmt":"2020-03-30T14:32:00","guid":{"rendered":"http:\/\/www.gfs-umweltausschuss.de\/?p=8417"},"modified":"2020-03-30T16:32:37","modified_gmt":"2020-03-30T14:32:37","slug":"besuch-und-bilder","status":"publish","type":"post","link":"https:\/\/www.gfs-umweltausschuss.de\/?p=8417","title":{"rendered":"Besuch und Bilder"},"content":{"rendered":"<p><a href=\"http:\/\/www.gfs-umweltausschuss.de\/wp-content\/uploads\/200327_Schulwald_Weidekaetzchen-72-scaled.jpg\" target=\"_blank\" rel=\"noopener noreferrer\"><img loading=\"lazy\" decoding=\"async\" class=\"alignleft wp-image-8420 \" src=\"http:\/\/www.gfs-umweltausschuss.de\/wp-content\/uploads\/200327_Schulwald_Weidekaetzchen-72-150x150.jpg\" alt=\"\" width=\"100\" height=\"100\" \/><\/a><a href=\"http:\/\/www.gfs-umweltausschuss.de\/wp-content\/uploads\/200327_Schulwald_Insektenhotel-72-scaled.jpg\" target=\"_blank\" rel=\"noopener noreferrer\"><img loading=\"lazy\" decoding=\"async\" class=\"alignleft wp-image-8419 \" src=\"http:\/\/www.gfs-umweltausschuss.de\/wp-content\/uploads\/200327_Schulwald_Insektenhotel-72-150x150.jpg\" alt=\"\" width=\"100\" height=\"100\" \/><\/a><a href=\"http:\/\/www.gfs-umweltausschuss.de\/wp-content\/uploads\/200327_Schulwald_Baumstamm-72-scaled.jpg\" target=\"_blank\" rel=\"noopener noreferrer\"><img loading=\"lazy\" decoding=\"async\" class=\"alignleft wp-image-8421 \" src=\"http:\/\/www.gfs-umweltausschuss.de\/wp-content\/uploads\/200327_Schulwald_Baumstamm-72-150x150.jpg\" alt=\"\" width=\"100\" height=\"100\" \/><\/a>Am 27. M\u00e4rz hatten wir Besuch von zwei Forststudenten aus Braunschweig, die den An- und Aufwuchs unserer Stieleichen untersucht haben. Fazit: Die Eichen sehen sehr gut aus.<br \/>\nAuch sonst sprie\u00dft und gr\u00fcnt es auf dem Gel\u00e4nde. Die St\u00f6rche waren zwar ausgeflogen, aber einige andere sch\u00f6ne Aufnahmen von anderem konnten gemacht werden.<\/p>\n","protected":false},"excerpt":{"rendered":"<p>Am 27. M\u00e4rz hatten wir Besuch von zwei Forststudenten aus Braunschweig, die den An- und Aufwuchs unserer Stieleichen untersucht haben. Fazit: Die Eichen sehen sehr gut aus. Auch sonst sprie\u00dft und gr\u00fcnt es auf dem Gel\u00e4nde. Die St\u00f6rche waren zwar ausgeflogen, aber einige andere sch\u00f6ne Aufnahmen von anderem konnten gemacht werden.<\/p>\n","protected":false},"author":3,"featured_media":0,"comment_status":"open","ping_status":"closed","sticky":false,"template":"","format":"standard","meta":{"footnotes":""},"categories":[11,4],"tags":[],"class_list":["post-8417","post","type-post","status-publish","format-standard","hentry","category-schulwald","category-umweltaktionen"],"_links":{"self":[{"href":"https:\/\/www.gfs-umweltausschuss.de\/index.php?rest_route=\/wp\/v2\/posts\/8417","targetHints":{"allow":["GET"]}}],"collection":[{"href":"https:\/\/www.gfs-umweltausschuss.de\/index.php?rest_route=\/wp\/v2\/posts"}],"about":[{"href":"https:\/\/www.gfs-umweltausschuss.de\/index.php?rest_route=\/wp\/v2\/types\/post"}],"author":[{"embeddable":true,"href":"https:\/\/www.gfs-umweltausschuss.de\/index.php?rest_route=\/wp\/v2\/users\/3"}],"replies":[{"embeddable":true,"href":"https:\/\/www.gfs-umweltausschuss.de\/index.php?rest_route=%2Fwp%2Fv2%2Fcomments&post=8417"}],"version-history":[{"count":3,"href":"https:\/\/www.gfs-umweltausschuss.de\/index.php?rest_route=\/wp\/v2\/posts\/8417\/revisions"}],"predecessor-version":[{"id":8424,"href":"https:\/\/www.gfs-umweltausschuss.de\/index.php?rest_route=\/wp\/v2\/posts\/8417\/revisions\/8424"}],"wp:attachment":[{"href":"https:\/\/www.gfs-umweltausschuss.de\/index.php?rest_route=%2Fwp%2Fv2%2Fmedia&parent=8417"}],"wp:term":[{"taxonomy":"category","embeddable":true,"href":"https:\/\/www.gfs-umweltausschuss.de\/index.php?rest_route=%2Fwp%2Fv2%2Fcategories&post=8417"},{"taxonomy":"post_tag","embeddable":true,"href":"https:\/\/www.gfs-umweltausschuss.de\/index.php?rest_route=%2Fwp%2Fv2%2Ftags&post=8417"}],"curies":[{"name":"wp","href":"https:\/\/api.w.org\/{rel}","templated":true}]}}