{"id":8486,"date":"2020-06-28T10:45:11","date_gmt":"2020-06-28T08:45:11","guid":{"rendered":"http:\/\/www.gfs-umweltausschuss.de\/?p=8486"},"modified":"2020-06-28T10:46:46","modified_gmt":"2020-06-28T08:46:46","slug":"rosenpflege","status":"publish","type":"post","link":"https:\/\/www.gfs-umweltausschuss.de\/?p=8486","title":{"rendered":"Rosenpflege"},"content":{"rendered":"<p><a href=\"http:\/\/www.gfs-umweltausschuss.de\/wp-content\/uploads\/200625_Rosenschneiden-72.jpg\" target=\"_blank\" rel=\"noopener noreferrer\"><img loading=\"lazy\" decoding=\"async\" class=\"alignleft wp-image-8487\" src=\"http:\/\/www.gfs-umweltausschuss.de\/wp-content\/uploads\/200625_Rosenschneiden-72-150x150.jpg\" alt=\"\" width=\"120\" height=\"120\" \/><\/a>Die Rosen vor der S\u00fcdfront der GFS stehen in voller Bl\u00fcte.<br \/>\nWegen der br\u00fctenden Hitze haben wir uns bereits am Vormittag zur Rosenpflege getroffen. Wieder geht ein gro\u00dfes Danke an unsere Gartenexpertin Doris.<\/p>\n","protected":false},"excerpt":{"rendered":"<p>Die Rosen vor der S\u00fcdfront der GFS stehen in voller Bl\u00fcte. Wegen der br\u00fctenden Hitze haben wir uns bereits am Vormittag zur Rosenpflege getroffen. Wieder geht ein gro\u00dfes Danke an unsere Gartenexpertin Doris.<\/p>\n","protected":false},"author":3,"featured_media":0,"comment_status":"open","ping_status":"closed","sticky":false,"template":"","format":"standard","meta":{"footnotes":""},"categories":[9,4],"tags":[],"class_list":["post-8486","post","type-post","status-publish","format-standard","hentry","category-schulgarten","category-umweltaktionen"],"_links":{"self":[{"href":"https:\/\/www.gfs-umweltausschuss.de\/index.php?rest_route=\/wp\/v2\/posts\/8486","targetHints":{"allow":["GET"]}}],"collection":[{"href":"https:\/\/www.gfs-umweltausschuss.de\/index.php?rest_route=\/wp\/v2\/posts"}],"about":[{"href":"https:\/\/www.gfs-umweltausschuss.de\/index.php?rest_route=\/wp\/v2\/types\/post"}],"author":[{"embeddable":true,"href":"https:\/\/www.gfs-umweltausschuss.de\/index.php?rest_route=\/wp\/v2\/users\/3"}],"replies":[{"embeddable":true,"href":"https:\/\/www.gfs-umweltausschuss.de\/index.php?rest_route=%2Fwp%2Fv2%2Fcomments&post=8486"}],"version-history":[{"count":3,"href":"https:\/\/www.gfs-umweltausschuss.de\/index.php?rest_route=\/wp\/v2\/posts\/8486\/revisions"}],"predecessor-version":[{"id":8490,"href":"https:\/\/www.gfs-umweltausschuss.de\/index.php?rest_route=\/wp\/v2\/posts\/8486\/revisions\/8490"}],"wp:attachment":[{"href":"https:\/\/www.gfs-umweltausschuss.de\/index.php?rest_route=%2Fwp%2Fv2%2Fmedia&parent=8486"}],"wp:term":[{"taxonomy":"category","embeddable":true,"href":"https:\/\/www.gfs-umweltausschuss.de\/index.php?rest_route=%2Fwp%2Fv2%2Fcategories&post=8486"},{"taxonomy":"post_tag","embeddable":true,"href":"https:\/\/www.gfs-umweltausschuss.de\/index.php?rest_route=%2Fwp%2Fv2%2Ftags&post=8486"}],"curies":[{"name":"wp","href":"https:\/\/api.w.org\/{rel}","templated":true}]}}