{"id":8496,"date":"2020-07-04T00:26:55","date_gmt":"2020-07-03T22:26:55","guid":{"rendered":"http:\/\/www.gfs-umweltausschuss.de\/?p=8496"},"modified":"2020-10-15T22:37:53","modified_gmt":"2020-10-15T20:37:53","slug":"schulgarten-und-schulwald-2","status":"publish","type":"post","link":"https:\/\/www.gfs-umweltausschuss.de\/?p=8496","title":{"rendered":"Schulgarten und Schulwald"},"content":{"rendered":"<p><a href=\"http:\/\/www.gfs-umweltausschuss.de\/wp-content\/uploads\/200702_SchulgartenSchulwald-72.jpg\" target=\"_blank\" rel=\"noopener noreferrer\"><img loading=\"lazy\" decoding=\"async\" class=\"alignleft wp-image-8497\" src=\"http:\/\/www.gfs-umweltausschuss.de\/wp-content\/uploads\/200702_SchulgartenSchulwald-72-150x150.jpg\" alt=\"\" width=\"120\" height=\"120\" \/><\/a>Beim Treffen in dieser Woche waren wir zun\u00e4chst im Schulgarten und anschlie\u00dfend im Schulwald t\u00e4tig. Coronama\u00dfnahmenbedingt waren wir leider wieder nur zu Dritt. Wir freuen uns auf das n\u00e4chste Schuljahr, wenn die Sch\u00fcler wieder dabei sind.<\/p>\n","protected":false},"excerpt":{"rendered":"<p>Beim Treffen in dieser Woche waren wir zun\u00e4chst im Schulgarten und anschlie\u00dfend im Schulwald t\u00e4tig. Coronama\u00dfnahmenbedingt waren wir leider wieder nur zu Dritt. Wir freuen uns auf das n\u00e4chste Schuljahr, wenn die Sch\u00fcler wieder dabei sind.<\/p>\n","protected":false},"author":3,"featured_media":0,"comment_status":"open","ping_status":"closed","sticky":false,"template":"","format":"standard","meta":{"footnotes":""},"categories":[9,11,4],"tags":[],"class_list":["post-8496","post","type-post","status-publish","format-standard","hentry","category-schulgarten","category-schulwald","category-umweltaktionen"],"_links":{"self":[{"href":"https:\/\/www.gfs-umweltausschuss.de\/index.php?rest_route=\/wp\/v2\/posts\/8496","targetHints":{"allow":["GET"]}}],"collection":[{"href":"https:\/\/www.gfs-umweltausschuss.de\/index.php?rest_route=\/wp\/v2\/posts"}],"about":[{"href":"https:\/\/www.gfs-umweltausschuss.de\/index.php?rest_route=\/wp\/v2\/types\/post"}],"author":[{"embeddable":true,"href":"https:\/\/www.gfs-umweltausschuss.de\/index.php?rest_route=\/wp\/v2\/users\/3"}],"replies":[{"embeddable":true,"href":"https:\/\/www.gfs-umweltausschuss.de\/index.php?rest_route=%2Fwp%2Fv2%2Fcomments&post=8496"}],"version-history":[{"count":4,"href":"https:\/\/www.gfs-umweltausschuss.de\/index.php?rest_route=\/wp\/v2\/posts\/8496\/revisions"}],"predecessor-version":[{"id":8605,"href":"https:\/\/www.gfs-umweltausschuss.de\/index.php?rest_route=\/wp\/v2\/posts\/8496\/revisions\/8605"}],"wp:attachment":[{"href":"https:\/\/www.gfs-umweltausschuss.de\/index.php?rest_route=%2Fwp%2Fv2%2Fmedia&parent=8496"}],"wp:term":[{"taxonomy":"category","embeddable":true,"href":"https:\/\/www.gfs-umweltausschuss.de\/index.php?rest_route=%2Fwp%2Fv2%2Fcategories&post=8496"},{"taxonomy":"post_tag","embeddable":true,"href":"https:\/\/www.gfs-umweltausschuss.de\/index.php?rest_route=%2Fwp%2Fv2%2Ftags&post=8496"}],"curies":[{"name":"wp","href":"https:\/\/api.w.org\/{rel}","templated":true}]}}