{"id":8569,"date":"2020-09-22T23:02:16","date_gmt":"2020-09-22T21:02:16","guid":{"rendered":"http:\/\/www.gfs-umweltausschuss.de\/?p=8569"},"modified":"2020-09-22T23:02:16","modified_gmt":"2020-09-22T21:02:16","slug":"192-arbeitseinsatz-im-schulgarten","status":"publish","type":"post","link":"https:\/\/www.gfs-umweltausschuss.de\/?p=8569","title":{"rendered":"192. Arbeitseinsatz im Schulgarten"},"content":{"rendered":"<p><a href=\"http:\/\/www.gfs-umweltausschuss.de\/wp-content\/uploads\/Schulgarten-_192_200922-72.jpg\" target=\"_blank\" rel=\"noopener noreferrer\"><img loading=\"lazy\" decoding=\"async\" class=\"alignleft wp-image-8570\" src=\"http:\/\/www.gfs-umweltausschuss.de\/wp-content\/uploads\/Schulgarten-_192_200922-72-150x150.jpg\" alt=\"\" width=\"120\" height=\"120\" \/><\/a>Aufgrund der erh\u00f6hten Nachfrage gibt es ab heute f\u00fcr Sch\u00fcler der Mittelstufe die M\u00f6glichkeit, dienstags an der Schulgarten-AG teilzunehmen.<br \/>\nUnser am letzten Donnerstag angelegter Vorrat an Samenbomben konnte deutlich erweitert werden. Abschlie\u00dfend gab es Blaubeeren, Himbeeren und Weintrauben zum Naschen.<\/p>\n","protected":false},"excerpt":{"rendered":"<p>Aufgrund der erh\u00f6hten Nachfrage gibt es ab heute f\u00fcr Sch\u00fcler der Mittelstufe die M\u00f6glichkeit, dienstags an der Schulgarten-AG teilzunehmen. Unser am letzten Donnerstag angelegter Vorrat an Samenbomben konnte deutlich erweitert werden. Abschlie\u00dfend gab es Blaubeeren, Himbeeren und Weintrauben zum Naschen.<\/p>\n","protected":false},"author":3,"featured_media":0,"comment_status":"open","ping_status":"closed","sticky":false,"template":"","format":"standard","meta":{"footnotes":""},"categories":[9,4],"tags":[],"class_list":["post-8569","post","type-post","status-publish","format-standard","hentry","category-schulgarten","category-umweltaktionen"],"_links":{"self":[{"href":"https:\/\/www.gfs-umweltausschuss.de\/index.php?rest_route=\/wp\/v2\/posts\/8569","targetHints":{"allow":["GET"]}}],"collection":[{"href":"https:\/\/www.gfs-umweltausschuss.de\/index.php?rest_route=\/wp\/v2\/posts"}],"about":[{"href":"https:\/\/www.gfs-umweltausschuss.de\/index.php?rest_route=\/wp\/v2\/types\/post"}],"author":[{"embeddable":true,"href":"https:\/\/www.gfs-umweltausschuss.de\/index.php?rest_route=\/wp\/v2\/users\/3"}],"replies":[{"embeddable":true,"href":"https:\/\/www.gfs-umweltausschuss.de\/index.php?rest_route=%2Fwp%2Fv2%2Fcomments&post=8569"}],"version-history":[{"count":1,"href":"https:\/\/www.gfs-umweltausschuss.de\/index.php?rest_route=\/wp\/v2\/posts\/8569\/revisions"}],"predecessor-version":[{"id":8571,"href":"https:\/\/www.gfs-umweltausschuss.de\/index.php?rest_route=\/wp\/v2\/posts\/8569\/revisions\/8571"}],"wp:attachment":[{"href":"https:\/\/www.gfs-umweltausschuss.de\/index.php?rest_route=%2Fwp%2Fv2%2Fmedia&parent=8569"}],"wp:term":[{"taxonomy":"category","embeddable":true,"href":"https:\/\/www.gfs-umweltausschuss.de\/index.php?rest_route=%2Fwp%2Fv2%2Fcategories&post=8569"},{"taxonomy":"post_tag","embeddable":true,"href":"https:\/\/www.gfs-umweltausschuss.de\/index.php?rest_route=%2Fwp%2Fv2%2Ftags&post=8569"}],"curies":[{"name":"wp","href":"https:\/\/api.w.org\/{rel}","templated":true}]}}