{"id":8672,"date":"2020-11-29T01:19:07","date_gmt":"2020-11-28T23:19:07","guid":{"rendered":"https:\/\/www.gfs-umweltausschuss.de\/?p=8672"},"modified":"2020-11-29T01:26:48","modified_gmt":"2020-11-28T23:26:48","slug":"arbeitseinsaetze-im-schulgarten-muellsammeln-und-weihnachtsbaumschmuecken","status":"publish","type":"post","link":"https:\/\/www.gfs-umweltausschuss.de\/?p=8672","title":{"rendered":"Arbeitseins\u00e4tze im Schulgarten, M\u00fcllsammeln und Weihnachtsbaumschm\u00fccken"},"content":{"rendered":"<p><a href=\"https:\/\/www.gfs-umweltausschuss.de\/wp-content\/uploads\/Schulgarten203_201112-72.jpg\" target=\"_blank\" rel=\"noopener noreferrer\"><img loading=\"lazy\" decoding=\"async\" class=\"alignleft wp-image-8673\" src=\"https:\/\/www.gfs-umweltausschuss.de\/wp-content\/uploads\/Schulgarten203_201112-72-150x150.jpg\" alt=\"\" width=\"100\" height=\"100\" \/><\/a><a href=\"https:\/\/www.gfs-umweltausschuss.de\/wp-content\/uploads\/Schulgarten204_201124-72.jpg\" target=\"_blank\" rel=\"noopener noreferrer\"><img loading=\"lazy\" decoding=\"async\" class=\"alignleft wp-image-8674\" src=\"https:\/\/www.gfs-umweltausschuss.de\/wp-content\/uploads\/Schulgarten204_201124-72-150x150.jpg\" alt=\"\" width=\"100\" height=\"100\" \/><\/a><a href=\"https:\/\/www.gfs-umweltausschuss.de\/wp-content\/uploads\/201126_WeihnachtsbaumMuellsammeln.jpg\" target=\"_blank\" rel=\"noopener noreferrer\"><img loading=\"lazy\" decoding=\"async\" class=\"alignleft wp-image-8679\" src=\"https:\/\/www.gfs-umweltausschuss.de\/wp-content\/uploads\/201126_WeihnachtsbaumMuellsammeln-150x150.jpg\" alt=\"\" width=\"100\" height=\"100\" \/><\/a>Abgesehen vom 19.11., als der Termin f\u00fcr die Schulgarten-AG wegen eines Elternsprechtages ausfallen musste, fanden die Di- und Do-Treffen im November regelm\u00e4\u00dfig statt.\u00a0Am letzten Donnerstag \u00fcbernahm ein Teil der Gruppe des Schm\u00fccken des Weihnachtsbaumes, w\u00e4hrend der \u00fcberwiegende Teil in Kleingruppen zum M\u00fcllsammeln loszog. Um die &#8222;Entsorgung&#8220; der M\u00fclls\u00e4cke k\u00fcmmerte sich anschlie\u00dfend der Bauhof.<\/p>\n","protected":false},"excerpt":{"rendered":"<p>Abgesehen vom 19.11., als der Termin f\u00fcr die Schulgarten-AG wegen eines Elternsprechtages ausfallen musste, fanden die Di- und Do-Treffen im November regelm\u00e4\u00dfig statt.\u00a0Am letzten Donnerstag \u00fcbernahm ein Teil der Gruppe des Schm\u00fccken des Weihnachtsbaumes, w\u00e4hrend der \u00fcberwiegende Teil in Kleingruppen zum M\u00fcllsammeln loszog. Um die &#8222;Entsorgung&#8220; der M\u00fclls\u00e4cke k\u00fcmmerte sich anschlie\u00dfend der Bauhof.<\/p>\n","protected":false},"author":3,"featured_media":0,"comment_status":"open","ping_status":"closed","sticky":false,"template":"","format":"standard","meta":{"footnotes":""},"categories":[12,9,4],"tags":[],"class_list":["post-8672","post","type-post","status-publish","format-standard","hentry","category-muell","category-schulgarten","category-umweltaktionen"],"_links":{"self":[{"href":"https:\/\/www.gfs-umweltausschuss.de\/index.php?rest_route=\/wp\/v2\/posts\/8672","targetHints":{"allow":["GET"]}}],"collection":[{"href":"https:\/\/www.gfs-umweltausschuss.de\/index.php?rest_route=\/wp\/v2\/posts"}],"about":[{"href":"https:\/\/www.gfs-umweltausschuss.de\/index.php?rest_route=\/wp\/v2\/types\/post"}],"author":[{"embeddable":true,"href":"https:\/\/www.gfs-umweltausschuss.de\/index.php?rest_route=\/wp\/v2\/users\/3"}],"replies":[{"embeddable":true,"href":"https:\/\/www.gfs-umweltausschuss.de\/index.php?rest_route=%2Fwp%2Fv2%2Fcomments&post=8672"}],"version-history":[{"count":4,"href":"https:\/\/www.gfs-umweltausschuss.de\/index.php?rest_route=\/wp\/v2\/posts\/8672\/revisions"}],"predecessor-version":[{"id":8680,"href":"https:\/\/www.gfs-umweltausschuss.de\/index.php?rest_route=\/wp\/v2\/posts\/8672\/revisions\/8680"}],"wp:attachment":[{"href":"https:\/\/www.gfs-umweltausschuss.de\/index.php?rest_route=%2Fwp%2Fv2%2Fmedia&parent=8672"}],"wp:term":[{"taxonomy":"category","embeddable":true,"href":"https:\/\/www.gfs-umweltausschuss.de\/index.php?rest_route=%2Fwp%2Fv2%2Fcategories&post=8672"},{"taxonomy":"post_tag","embeddable":true,"href":"https:\/\/www.gfs-umweltausschuss.de\/index.php?rest_route=%2Fwp%2Fv2%2Ftags&post=8672"}],"curies":[{"name":"wp","href":"https:\/\/api.w.org\/{rel}","templated":true}]}}