{"id":8683,"date":"2020-12-14T01:50:53","date_gmt":"2020-12-13T23:50:53","guid":{"rendered":"https:\/\/www.gfs-umweltausschuss.de\/?p=8683"},"modified":"2020-12-14T15:16:51","modified_gmt":"2020-12-14T13:16:51","slug":"arbeitseinsaetze-im-schulgarten-baumquiz-spiel-und-basteln","status":"publish","type":"post","link":"https:\/\/www.gfs-umweltausschuss.de\/?p=8683","title":{"rendered":"Arbeitseins\u00e4tze im Schulgarten, Baumquiz, Spiel und Basteln"},"content":{"rendered":"<p><a href=\"https:\/\/www.gfs-umweltausschuss.de\/wp-content\/uploads\/Schulgarten_209_201203-72.jpg\" target=\"_blank\" rel=\"noopener noreferrer\"><img loading=\"lazy\" decoding=\"async\" class=\"alignleft wp-image-8684\" src=\"https:\/\/www.gfs-umweltausschuss.de\/wp-content\/uploads\/Schulgarten_209_201203-72-150x150.jpg\" alt=\"\" width=\"120\" height=\"120\" \/><\/a>Mittlerweile hat es an unseren Di- und Do-Treffen wieder Arbeitseins\u00e4tze im Schulgarten gegeben. Am letzten Dienstag fand der 209. Arbeitseinsatz mit Sch\u00fclern statt.<br \/>\nCoronama\u00dfnahmenbedingt waren die Gruppen geteilt worden. Ein Baumquiz, ein Umweltspiel mit viel Bewegung im Schulgarten und Basteln von Fr\u00f6belsternen standen parallel ebenfalls auf der Agenda.<\/p>\n","protected":false},"excerpt":{"rendered":"<p>Mittlerweile hat es an unseren Di- und Do-Treffen wieder Arbeitseins\u00e4tze im Schulgarten gegeben. Am letzten Dienstag fand der 209. Arbeitseinsatz mit Sch\u00fclern statt. Coronama\u00dfnahmenbedingt waren die Gruppen geteilt worden. Ein Baumquiz, ein Umweltspiel mit viel Bewegung im Schulgarten und Basteln von Fr\u00f6belsternen standen parallel ebenfalls auf der Agenda.<\/p>\n","protected":false},"author":3,"featured_media":0,"comment_status":"open","ping_status":"closed","sticky":false,"template":"","format":"standard","meta":{"footnotes":""},"categories":[9,4],"tags":[],"class_list":["post-8683","post","type-post","status-publish","format-standard","hentry","category-schulgarten","category-umweltaktionen"],"_links":{"self":[{"href":"https:\/\/www.gfs-umweltausschuss.de\/index.php?rest_route=\/wp\/v2\/posts\/8683","targetHints":{"allow":["GET"]}}],"collection":[{"href":"https:\/\/www.gfs-umweltausschuss.de\/index.php?rest_route=\/wp\/v2\/posts"}],"about":[{"href":"https:\/\/www.gfs-umweltausschuss.de\/index.php?rest_route=\/wp\/v2\/types\/post"}],"author":[{"embeddable":true,"href":"https:\/\/www.gfs-umweltausschuss.de\/index.php?rest_route=\/wp\/v2\/users\/3"}],"replies":[{"embeddable":true,"href":"https:\/\/www.gfs-umweltausschuss.de\/index.php?rest_route=%2Fwp%2Fv2%2Fcomments&post=8683"}],"version-history":[{"count":3,"href":"https:\/\/www.gfs-umweltausschuss.de\/index.php?rest_route=\/wp\/v2\/posts\/8683\/revisions"}],"predecessor-version":[{"id":8687,"href":"https:\/\/www.gfs-umweltausschuss.de\/index.php?rest_route=\/wp\/v2\/posts\/8683\/revisions\/8687"}],"wp:attachment":[{"href":"https:\/\/www.gfs-umweltausschuss.de\/index.php?rest_route=%2Fwp%2Fv2%2Fmedia&parent=8683"}],"wp:term":[{"taxonomy":"category","embeddable":true,"href":"https:\/\/www.gfs-umweltausschuss.de\/index.php?rest_route=%2Fwp%2Fv2%2Fcategories&post=8683"},{"taxonomy":"post_tag","embeddable":true,"href":"https:\/\/www.gfs-umweltausschuss.de\/index.php?rest_route=%2Fwp%2Fv2%2Ftags&post=8683"}],"curies":[{"name":"wp","href":"https:\/\/api.w.org\/{rel}","templated":true}]}}