{"id":8931,"date":"2021-09-11T23:48:57","date_gmt":"2021-09-11T21:48:57","guid":{"rendered":"https:\/\/www.gfs-umweltausschuss.de\/?p=8931"},"modified":"2021-09-11T23:53:00","modified_gmt":"2021-09-11T21:53:00","slug":"vier-weitere-arbeitseinsaetze-im-schulgarten","status":"publish","type":"post","link":"https:\/\/www.gfs-umweltausschuss.de\/?p=8931","title":{"rendered":"Vier weitere Arbeitseins\u00e4tze im Schulgarten"},"content":{"rendered":"<p><a href=\"https:\/\/www.gfs-umweltausschuss.de\/wp-content\/uploads\/Schulgarten_219-222_AugSep-72.jpg\" target=\"_blank\" rel=\"noopener\"><img loading=\"lazy\" decoding=\"async\" class=\"aligncenter wp-image-8932\" src=\"https:\/\/www.gfs-umweltausschuss.de\/wp-content\/uploads\/Schulgarten_219-222_AugSep-72-150x150.jpg\" alt=\"\" width=\"120\" height=\"120\" \/><\/a>Mittlerweile gab es bereits wieder vier Arbeitseins\u00e4tze im Schulgarten. Sch\u00f6n, dass wieder Sch\u00fcler da sind! &#8230; auch wenn die Schulgarten-AG offiziell noch nicht begonnen hat.<\/p>\n","protected":false},"excerpt":{"rendered":"<p>Mittlerweile gab es bereits wieder vier Arbeitseins\u00e4tze im Schulgarten. Sch\u00f6n, dass wieder Sch\u00fcler da sind! &#8230; auch wenn die Schulgarten-AG offiziell noch nicht begonnen hat.<\/p>\n","protected":false},"author":3,"featured_media":0,"comment_status":"open","ping_status":"closed","sticky":false,"template":"","format":"standard","meta":{"footnotes":""},"categories":[9],"tags":[],"class_list":["post-8931","post","type-post","status-publish","format-standard","hentry","category-schulgarten"],"_links":{"self":[{"href":"https:\/\/www.gfs-umweltausschuss.de\/index.php?rest_route=\/wp\/v2\/posts\/8931","targetHints":{"allow":["GET"]}}],"collection":[{"href":"https:\/\/www.gfs-umweltausschuss.de\/index.php?rest_route=\/wp\/v2\/posts"}],"about":[{"href":"https:\/\/www.gfs-umweltausschuss.de\/index.php?rest_route=\/wp\/v2\/types\/post"}],"author":[{"embeddable":true,"href":"https:\/\/www.gfs-umweltausschuss.de\/index.php?rest_route=\/wp\/v2\/users\/3"}],"replies":[{"embeddable":true,"href":"https:\/\/www.gfs-umweltausschuss.de\/index.php?rest_route=%2Fwp%2Fv2%2Fcomments&post=8931"}],"version-history":[{"count":4,"href":"https:\/\/www.gfs-umweltausschuss.de\/index.php?rest_route=\/wp\/v2\/posts\/8931\/revisions"}],"predecessor-version":[{"id":8936,"href":"https:\/\/www.gfs-umweltausschuss.de\/index.php?rest_route=\/wp\/v2\/posts\/8931\/revisions\/8936"}],"wp:attachment":[{"href":"https:\/\/www.gfs-umweltausschuss.de\/index.php?rest_route=%2Fwp%2Fv2%2Fmedia&parent=8931"}],"wp:term":[{"taxonomy":"category","embeddable":true,"href":"https:\/\/www.gfs-umweltausschuss.de\/index.php?rest_route=%2Fwp%2Fv2%2Fcategories&post=8931"},{"taxonomy":"post_tag","embeddable":true,"href":"https:\/\/www.gfs-umweltausschuss.de\/index.php?rest_route=%2Fwp%2Fv2%2Ftags&post=8931"}],"curies":[{"name":"wp","href":"https:\/\/api.w.org\/{rel}","templated":true}]}}