{"id":8970,"date":"2021-10-23T22:44:51","date_gmt":"2021-10-23T20:44:51","guid":{"rendered":"https:\/\/www.gfs-umweltausschuss.de\/?p=8970"},"modified":"2021-10-23T22:44:51","modified_gmt":"2021-10-23T20:44:51","slug":"zwei-weitere-arbeitseinsaetze-im-schulgarten-3","status":"publish","type":"post","link":"https:\/\/www.gfs-umweltausschuss.de\/?p=8970","title":{"rendered":"Zwei weitere Arbeitseins\u00e4tze im Schulgarten"},"content":{"rendered":"<p><a href=\"https:\/\/www.gfs-umweltausschuss.de\/wp-content\/uploads\/Schulgarten_226227_21100714-72.jpg\" target=\"_blank\" rel=\"noopener\"><img loading=\"lazy\" decoding=\"async\" class=\"aligncenter wp-image-8967\" src=\"https:\/\/www.gfs-umweltausschuss.de\/wp-content\/uploads\/Schulgarten_226227_21100714-72-150x150.jpg\" alt=\"\" width=\"120\" height=\"120\" \/><\/a>Mittlerweile hat sich schon wieder viel getan: Wir hatten zwei Arbeitseins\u00e4tze und das Seminarfach Tb hat eine neue Anlage f\u00fcr H\u00e4ngematten errichtet. N\u00e4chstes Treffen: Di, 10 Uhr, beim Schulwald.<\/p>\n","protected":false},"excerpt":{"rendered":"<p>Mittlerweile hat sich schon wieder viel getan: Wir hatten zwei Arbeitseins\u00e4tze und das Seminarfach Tb hat eine neue Anlage f\u00fcr H\u00e4ngematten errichtet. N\u00e4chstes Treffen: Di, 10 Uhr, beim Schulwald.<\/p>\n","protected":false},"author":3,"featured_media":0,"comment_status":"open","ping_status":"closed","sticky":false,"template":"","format":"standard","meta":{"footnotes":""},"categories":[9,4],"tags":[],"class_list":["post-8970","post","type-post","status-publish","format-standard","hentry","category-schulgarten","category-umweltaktionen"],"_links":{"self":[{"href":"https:\/\/www.gfs-umweltausschuss.de\/index.php?rest_route=\/wp\/v2\/posts\/8970","targetHints":{"allow":["GET"]}}],"collection":[{"href":"https:\/\/www.gfs-umweltausschuss.de\/index.php?rest_route=\/wp\/v2\/posts"}],"about":[{"href":"https:\/\/www.gfs-umweltausschuss.de\/index.php?rest_route=\/wp\/v2\/types\/post"}],"author":[{"embeddable":true,"href":"https:\/\/www.gfs-umweltausschuss.de\/index.php?rest_route=\/wp\/v2\/users\/3"}],"replies":[{"embeddable":true,"href":"https:\/\/www.gfs-umweltausschuss.de\/index.php?rest_route=%2Fwp%2Fv2%2Fcomments&post=8970"}],"version-history":[{"count":1,"href":"https:\/\/www.gfs-umweltausschuss.de\/index.php?rest_route=\/wp\/v2\/posts\/8970\/revisions"}],"predecessor-version":[{"id":8971,"href":"https:\/\/www.gfs-umweltausschuss.de\/index.php?rest_route=\/wp\/v2\/posts\/8970\/revisions\/8971"}],"wp:attachment":[{"href":"https:\/\/www.gfs-umweltausschuss.de\/index.php?rest_route=%2Fwp%2Fv2%2Fmedia&parent=8970"}],"wp:term":[{"taxonomy":"category","embeddable":true,"href":"https:\/\/www.gfs-umweltausschuss.de\/index.php?rest_route=%2Fwp%2Fv2%2Fcategories&post=8970"},{"taxonomy":"post_tag","embeddable":true,"href":"https:\/\/www.gfs-umweltausschuss.de\/index.php?rest_route=%2Fwp%2Fv2%2Ftags&post=8970"}],"curies":[{"name":"wp","href":"https:\/\/api.w.org\/{rel}","templated":true}]}}