{"id":9046,"date":"2021-12-12T19:02:07","date_gmt":"2021-12-12T17:02:07","guid":{"rendered":"https:\/\/www.gfs-umweltausschuss.de\/?p=9046"},"modified":"2021-12-12T19:33:30","modified_gmt":"2021-12-12T17:33:30","slug":"arbeitseinsatz-im-schulgarten-15","status":"publish","type":"post","link":"https:\/\/www.gfs-umweltausschuss.de\/?p=9046","title":{"rendered":"Arbeitseinsatz im Schulgarten"},"content":{"rendered":"<p><a href=\"https:\/\/www.gfs-umweltausschuss.de\/wp-content\/uploads\/231_Schulgarten_211209_neuerWegbelag-72.jpg\" target=\"_blank\" rel=\"noopener\"><img loading=\"lazy\" decoding=\"async\" class=\"aligncenter wp-image-9050\" src=\"https:\/\/www.gfs-umweltausschuss.de\/wp-content\/uploads\/231_Schulgarten_211209_neuerWegbelag-72-150x150.jpg\" alt=\"\" width=\"120\" height=\"120\" \/><\/a>Beim letzten Arbeitseinsatz konnte man das Resultat der Arbeit deutlich sehen: Ein Teil des Weges hat einen neuen Belag &#8230; in der n\u00e4chsten Woche geht&#8217;s weiter. Au\u00dferdem haben wir Laub geharkt und auf dem Schulgel\u00e4nde M\u00fcll gesammelt.<\/p>\n","protected":false},"excerpt":{"rendered":"<p>Beim letzten Arbeitseinsatz konnte man das Resultat der Arbeit deutlich sehen: Ein Teil des Weges hat einen neuen Belag &#8230; in der n\u00e4chsten Woche geht&#8217;s weiter. Au\u00dferdem haben wir Laub geharkt und auf dem Schulgel\u00e4nde M\u00fcll gesammelt.<\/p>\n","protected":false},"author":3,"featured_media":0,"comment_status":"open","ping_status":"closed","sticky":false,"template":"","format":"standard","meta":{"footnotes":""},"categories":[12,9,4],"tags":[],"class_list":["post-9046","post","type-post","status-publish","format-standard","hentry","category-muell","category-schulgarten","category-umweltaktionen"],"_links":{"self":[{"href":"https:\/\/www.gfs-umweltausschuss.de\/index.php?rest_route=\/wp\/v2\/posts\/9046","targetHints":{"allow":["GET"]}}],"collection":[{"href":"https:\/\/www.gfs-umweltausschuss.de\/index.php?rest_route=\/wp\/v2\/posts"}],"about":[{"href":"https:\/\/www.gfs-umweltausschuss.de\/index.php?rest_route=\/wp\/v2\/types\/post"}],"author":[{"embeddable":true,"href":"https:\/\/www.gfs-umweltausschuss.de\/index.php?rest_route=\/wp\/v2\/users\/3"}],"replies":[{"embeddable":true,"href":"https:\/\/www.gfs-umweltausschuss.de\/index.php?rest_route=%2Fwp%2Fv2%2Fcomments&post=9046"}],"version-history":[{"count":4,"href":"https:\/\/www.gfs-umweltausschuss.de\/index.php?rest_route=\/wp\/v2\/posts\/9046\/revisions"}],"predecessor-version":[{"id":9052,"href":"https:\/\/www.gfs-umweltausschuss.de\/index.php?rest_route=\/wp\/v2\/posts\/9046\/revisions\/9052"}],"wp:attachment":[{"href":"https:\/\/www.gfs-umweltausschuss.de\/index.php?rest_route=%2Fwp%2Fv2%2Fmedia&parent=9046"}],"wp:term":[{"taxonomy":"category","embeddable":true,"href":"https:\/\/www.gfs-umweltausschuss.de\/index.php?rest_route=%2Fwp%2Fv2%2Fcategories&post=9046"},{"taxonomy":"post_tag","embeddable":true,"href":"https:\/\/www.gfs-umweltausschuss.de\/index.php?rest_route=%2Fwp%2Fv2%2Ftags&post=9046"}],"curies":[{"name":"wp","href":"https:\/\/api.w.org\/{rel}","templated":true}]}}