{"id":9088,"date":"2022-01-28T19:12:37","date_gmt":"2022-01-28T17:12:37","guid":{"rendered":"https:\/\/www.gfs-umweltausschuss.de\/?p=9088"},"modified":"2022-01-28T21:58:36","modified_gmt":"2022-01-28T19:58:36","slug":"arbeitseinsatz-im-schulgarten-und-thema-muell","status":"publish","type":"post","link":"https:\/\/www.gfs-umweltausschuss.de\/?p=9088","title":{"rendered":"Arbeitseinsatz im Schulgarten und Thema M\u00fcll"},"content":{"rendered":"<p><a href=\"https:\/\/www.gfs-umweltausschuss.de\/wp-content\/uploads\/220127_Schulgarten-72.jpg\" target=\"_blank\" rel=\"noopener\"><img loading=\"lazy\" decoding=\"async\" class=\"aligncenter wp-image-9089\" src=\"https:\/\/www.gfs-umweltausschuss.de\/wp-content\/uploads\/220127_Schulgarten-72-150x150.jpg\" alt=\"\" width=\"120\" height=\"120\" \/><\/a>Bei diesem Treffen gab es zwei Gruppen: W\u00e4hrend sich der eine Teil mit der M\u00fcllproblematik befasste, begab sich der andere Teil trotz der K\u00e4lte in den Garten und arbeitete am Weg weiter. Dieser ist nun bis zum Lagerfeuer fertig.<\/p>\n","protected":false},"excerpt":{"rendered":"<p>Bei diesem Treffen gab es zwei Gruppen: W\u00e4hrend sich der eine Teil mit der M\u00fcllproblematik befasste, begab sich der andere Teil trotz der K\u00e4lte in den Garten und arbeitete am Weg weiter. Dieser ist nun bis zum Lagerfeuer fertig.<\/p>\n","protected":false},"author":3,"featured_media":0,"comment_status":"open","ping_status":"closed","sticky":false,"template":"","format":"standard","meta":{"footnotes":""},"categories":[12,9,4],"tags":[],"class_list":["post-9088","post","type-post","status-publish","format-standard","hentry","category-muell","category-schulgarten","category-umweltaktionen"],"_links":{"self":[{"href":"https:\/\/www.gfs-umweltausschuss.de\/index.php?rest_route=\/wp\/v2\/posts\/9088","targetHints":{"allow":["GET"]}}],"collection":[{"href":"https:\/\/www.gfs-umweltausschuss.de\/index.php?rest_route=\/wp\/v2\/posts"}],"about":[{"href":"https:\/\/www.gfs-umweltausschuss.de\/index.php?rest_route=\/wp\/v2\/types\/post"}],"author":[{"embeddable":true,"href":"https:\/\/www.gfs-umweltausschuss.de\/index.php?rest_route=\/wp\/v2\/users\/3"}],"replies":[{"embeddable":true,"href":"https:\/\/www.gfs-umweltausschuss.de\/index.php?rest_route=%2Fwp%2Fv2%2Fcomments&post=9088"}],"version-history":[{"count":2,"href":"https:\/\/www.gfs-umweltausschuss.de\/index.php?rest_route=\/wp\/v2\/posts\/9088\/revisions"}],"predecessor-version":[{"id":9091,"href":"https:\/\/www.gfs-umweltausschuss.de\/index.php?rest_route=\/wp\/v2\/posts\/9088\/revisions\/9091"}],"wp:attachment":[{"href":"https:\/\/www.gfs-umweltausschuss.de\/index.php?rest_route=%2Fwp%2Fv2%2Fmedia&parent=9088"}],"wp:term":[{"taxonomy":"category","embeddable":true,"href":"https:\/\/www.gfs-umweltausschuss.de\/index.php?rest_route=%2Fwp%2Fv2%2Fcategories&post=9088"},{"taxonomy":"post_tag","embeddable":true,"href":"https:\/\/www.gfs-umweltausschuss.de\/index.php?rest_route=%2Fwp%2Fv2%2Ftags&post=9088"}],"curies":[{"name":"wp","href":"https:\/\/api.w.org\/{rel}","templated":true}]}}