{"id":9373,"date":"2022-06-26T01:40:28","date_gmt":"2022-06-25T23:40:28","guid":{"rendered":"https:\/\/www.gfs-umweltausschuss.de\/?p=9373"},"modified":"2022-07-09T22:24:45","modified_gmt":"2022-07-09T20:24:45","slug":"offizielle-uebergabe-der-imkerausruestung-im-schulgarten","status":"publish","type":"post","link":"https:\/\/www.gfs-umweltausschuss.de\/?p=9373","title":{"rendered":"Offizielle \u00dcbergabe der Imkerausr\u00fcstung im Schulgarten"},"content":{"rendered":"<p><a href=\"https:\/\/www.gfs-diepholz.de\/imkerausruestung-und-infotafeln\/\" target=\"_blank\" rel=\"noopener\"><img loading=\"lazy\" decoding=\"async\" class=\"aligncenter wp-image-9377\" src=\"https:\/\/www.gfs-umweltausschuss.de\/wp-content\/uploads\/Schulgarten_220623_Imkerausruestung-72-150x150.jpg\" alt=\"\" width=\"120\" height=\"120\" \/><\/a>An diesem Donnerstagstermin waren die Bienen im Zentrum der Aufmerksamkeit; denn es stand die offizielle \u00dcbergabe der neuen Imkerausr\u00fcstung an. Sowohl f\u00fcr Maren Walter, die den Kontakt hergestellt hatte, als auch f\u00fcr Alexander Drees, den Gesch\u00e4ftsf\u00fchrer der Walter Lang GmbH, war es ein Besuch bei ihrer ehemaligen Schule. Mit Daniel Hanking von der Erlebnis-Imkerei Hanking in Hemsloh, unserem\u00a0Imker Martin Westphal (S\u00fc\u00dfgold Manufaktur) und unserem F\u00fcnftkl\u00e4ssler Lukas Coenen hatten wir an diesem Nachmittag die geballte Imkerkompetenz im Schulgarten.<br \/>\nNicht nur die vier neuen Imkeranz\u00fcge wurden dankenswerterweise von der Fa. Walter Lang GmbH gesponsert, sondern auch ein Smoker, ein Mei\u00dfel und zwei Infotafeln zu Honigbienen. Eine dieser Tafeln steht bereits im Schulgarten, die andere soll ihren Platz im Schulwald finden, wo in Zukunft ebenfalls ein Bienenstock aufgestellt werden soll.<br \/>\nWir freuen uns sehr \u00fcber das gemeinsame Projekt und danken sehr herzlich f\u00fcr die Unterst\u00fctzung.<br \/>\n<a href=\"https:\/\/www.gfs-diepholz.de\/imkerausruestung-und-infotafeln\/\" target=\"_blank\" rel=\"noopener\">Hier<\/a> geht es zum Bericht auf der GFS-Homepage und <a href=\"https:\/\/www.gfs-umweltausschuss.de\/wp-content\/uploads\/220707_Imkerausruestung-72.jpg\" target=\"_blank\" rel=\"noopener\">hier<\/a> zum Zeitungsbericht.<\/p>\n","protected":false},"excerpt":{"rendered":"<p>An diesem Donnerstagstermin waren die Bienen im Zentrum der Aufmerksamkeit; denn es stand die offizielle \u00dcbergabe der neuen Imkerausr\u00fcstung an. Sowohl f\u00fcr Maren Walter, die den Kontakt hergestellt hatte, als auch f\u00fcr Alexander Drees, den Gesch\u00e4ftsf\u00fchrer der Walter Lang GmbH, war es ein Besuch bei ihrer ehemaligen Schule. Mit Daniel Hanking von der Erlebnis-Imkerei Hanking [&hellip;]<\/p>\n","protected":false},"author":3,"featured_media":0,"comment_status":"open","ping_status":"closed","sticky":false,"template":"","format":"standard","meta":{"footnotes":""},"categories":[14,9,10,4],"tags":[],"class_list":["post-9373","post","type-post","status-publish","format-standard","hentry","category-naturpark-duemmer","category-schulgarten","category-tiere","category-umweltaktionen"],"_links":{"self":[{"href":"https:\/\/www.gfs-umweltausschuss.de\/index.php?rest_route=\/wp\/v2\/posts\/9373","targetHints":{"allow":["GET"]}}],"collection":[{"href":"https:\/\/www.gfs-umweltausschuss.de\/index.php?rest_route=\/wp\/v2\/posts"}],"about":[{"href":"https:\/\/www.gfs-umweltausschuss.de\/index.php?rest_route=\/wp\/v2\/types\/post"}],"author":[{"embeddable":true,"href":"https:\/\/www.gfs-umweltausschuss.de\/index.php?rest_route=\/wp\/v2\/users\/3"}],"replies":[{"embeddable":true,"href":"https:\/\/www.gfs-umweltausschuss.de\/index.php?rest_route=%2Fwp%2Fv2%2Fcomments&post=9373"}],"version-history":[{"count":7,"href":"https:\/\/www.gfs-umweltausschuss.de\/index.php?rest_route=\/wp\/v2\/posts\/9373\/revisions"}],"predecessor-version":[{"id":9405,"href":"https:\/\/www.gfs-umweltausschuss.de\/index.php?rest_route=\/wp\/v2\/posts\/9373\/revisions\/9405"}],"wp:attachment":[{"href":"https:\/\/www.gfs-umweltausschuss.de\/index.php?rest_route=%2Fwp%2Fv2%2Fmedia&parent=9373"}],"wp:term":[{"taxonomy":"category","embeddable":true,"href":"https:\/\/www.gfs-umweltausschuss.de\/index.php?rest_route=%2Fwp%2Fv2%2Fcategories&post=9373"},{"taxonomy":"post_tag","embeddable":true,"href":"https:\/\/www.gfs-umweltausschuss.de\/index.php?rest_route=%2Fwp%2Fv2%2Ftags&post=9373"}],"curies":[{"name":"wp","href":"https:\/\/api.w.org\/{rel}","templated":true}]}}