{"id":9555,"date":"2022-09-18T22:07:20","date_gmt":"2022-09-18T20:07:20","guid":{"rendered":"https:\/\/www.gfs-umweltausschuss.de\/?p=9555"},"modified":"2022-09-18T22:43:47","modified_gmt":"2022-09-18T20:43:47","slug":"lhl-kongobrief-september-2022-2","status":"publish","type":"post","link":"https:\/\/www.gfs-umweltausschuss.de\/?p=9555","title":{"rendered":"Arbeitseinsatz im Schulgarten"},"content":{"rendered":"<p><a href=\"https:\/\/www.gfs-umweltausschuss.de\/wp-content\/uploads\/Schulgartem_220915-72.jpg\" target=\"_blank\" rel=\"noopener\"><img loading=\"lazy\" decoding=\"async\" class=\"aligncenter wp-image-9563\" src=\"https:\/\/www.gfs-umweltausschuss.de\/wp-content\/uploads\/Schulgartem_220915-72-150x150.jpg\" alt=\"\" width=\"120\" height=\"120\" \/><\/a>T\u00e4tigkeitsbereiche waren diesmal die Br\u00fccke, die auf Initiative von Guschen Schneider dankenswerterweise die dringend n\u00f6tige Reparatur erf\u00e4hrt, und die zweite Sitzecke; diese wurde von \u00dcberwucherungen befreit und wir nahmen einen neuen Anlauf f\u00fcr ein Weidentipi. Auch der Rasen ist wieder gem\u00e4ht.<br \/>\nBeim n\u00e4chsten Mal beginnt die Schulgarten-AG offiziell.<\/p>\n","protected":false},"excerpt":{"rendered":"<p>T\u00e4tigkeitsbereiche waren diesmal die Br\u00fccke, die auf Initiative von Guschen Schneider dankenswerterweise die dringend n\u00f6tige Reparatur erf\u00e4hrt, und die zweite Sitzecke; diese wurde von \u00dcberwucherungen befreit und wir nahmen einen neuen Anlauf f\u00fcr ein Weidentipi. Auch der Rasen ist wieder gem\u00e4ht. Beim n\u00e4chsten Mal beginnt die Schulgarten-AG offiziell.<\/p>\n","protected":false},"author":3,"featured_media":0,"comment_status":"open","ping_status":"closed","sticky":false,"template":"","format":"standard","meta":{"footnotes":""},"categories":[9,4],"tags":[],"class_list":["post-9555","post","type-post","status-publish","format-standard","hentry","category-schulgarten","category-umweltaktionen"],"_links":{"self":[{"href":"https:\/\/www.gfs-umweltausschuss.de\/index.php?rest_route=\/wp\/v2\/posts\/9555","targetHints":{"allow":["GET"]}}],"collection":[{"href":"https:\/\/www.gfs-umweltausschuss.de\/index.php?rest_route=\/wp\/v2\/posts"}],"about":[{"href":"https:\/\/www.gfs-umweltausschuss.de\/index.php?rest_route=\/wp\/v2\/types\/post"}],"author":[{"embeddable":true,"href":"https:\/\/www.gfs-umweltausschuss.de\/index.php?rest_route=\/wp\/v2\/users\/3"}],"replies":[{"embeddable":true,"href":"https:\/\/www.gfs-umweltausschuss.de\/index.php?rest_route=%2Fwp%2Fv2%2Fcomments&post=9555"}],"version-history":[{"count":5,"href":"https:\/\/www.gfs-umweltausschuss.de\/index.php?rest_route=\/wp\/v2\/posts\/9555\/revisions"}],"predecessor-version":[{"id":9564,"href":"https:\/\/www.gfs-umweltausschuss.de\/index.php?rest_route=\/wp\/v2\/posts\/9555\/revisions\/9564"}],"wp:attachment":[{"href":"https:\/\/www.gfs-umweltausschuss.de\/index.php?rest_route=%2Fwp%2Fv2%2Fmedia&parent=9555"}],"wp:term":[{"taxonomy":"category","embeddable":true,"href":"https:\/\/www.gfs-umweltausschuss.de\/index.php?rest_route=%2Fwp%2Fv2%2Fcategories&post=9555"},{"taxonomy":"post_tag","embeddable":true,"href":"https:\/\/www.gfs-umweltausschuss.de\/index.php?rest_route=%2Fwp%2Fv2%2Ftags&post=9555"}],"curies":[{"name":"wp","href":"https:\/\/api.w.org\/{rel}","templated":true}]}}