{"id":9580,"date":"2022-10-08T00:00:08","date_gmt":"2022-10-07T22:00:08","guid":{"rendered":"https:\/\/www.gfs-umweltausschuss.de\/?p=9580"},"modified":"2022-10-08T00:00:08","modified_gmt":"2022-10-07T22:00:08","slug":"arbeitseinsatz-im-schulgarten-30","status":"publish","type":"post","link":"https:\/\/www.gfs-umweltausschuss.de\/?p=9580","title":{"rendered":"Arbeitseinsatz im Schulgarten"},"content":{"rendered":"<p><a href=\"https:\/\/www.gfs-umweltausschuss.de\/wp-content\/uploads\/Schulgarten_221006-72.jpg\" target=\"_blank\" rel=\"noopener\"><img loading=\"lazy\" decoding=\"async\" class=\"aligncenter wp-image-9581\" src=\"https:\/\/www.gfs-umweltausschuss.de\/wp-content\/uploads\/Schulgarten_221006-72-150x150.jpg\" alt=\"\" width=\"120\" height=\"120\" \/><\/a>Bei herrlichem Oktoberwetter hatten wir einen tollen Nachmittag im Schulgarten. Die Reparatur der Br\u00fccke ist abgeschlossen, der Rasen ist gem\u00e4ht, der Barfu\u00dfpfad ist vom Laub befreit und die Hochbeete sind winterfest gemacht. Ein kleiner Trupp rollerte in den Schulwald, um dort die B\u00e4ume des Arboretums zu katalogisieren. Zum Abschluss gab es leckere Muffins &#8211; Danke, Jolie! &#8211; und \u00c4pfel.<\/p>\n","protected":false},"excerpt":{"rendered":"<p>Bei herrlichem Oktoberwetter hatten wir einen tollen Nachmittag im Schulgarten. Die Reparatur der Br\u00fccke ist abgeschlossen, der Rasen ist gem\u00e4ht, der Barfu\u00dfpfad ist vom Laub befreit und die Hochbeete sind winterfest gemacht. Ein kleiner Trupp rollerte in den Schulwald, um dort die B\u00e4ume des Arboretums zu katalogisieren. Zum Abschluss gab es leckere Muffins &#8211; Danke, [&hellip;]<\/p>\n","protected":false},"author":3,"featured_media":0,"comment_status":"open","ping_status":"closed","sticky":false,"template":"","format":"standard","meta":{"footnotes":""},"categories":[9,11,4],"tags":[],"class_list":["post-9580","post","type-post","status-publish","format-standard","hentry","category-schulgarten","category-schulwald","category-umweltaktionen"],"_links":{"self":[{"href":"https:\/\/www.gfs-umweltausschuss.de\/index.php?rest_route=\/wp\/v2\/posts\/9580","targetHints":{"allow":["GET"]}}],"collection":[{"href":"https:\/\/www.gfs-umweltausschuss.de\/index.php?rest_route=\/wp\/v2\/posts"}],"about":[{"href":"https:\/\/www.gfs-umweltausschuss.de\/index.php?rest_route=\/wp\/v2\/types\/post"}],"author":[{"embeddable":true,"href":"https:\/\/www.gfs-umweltausschuss.de\/index.php?rest_route=\/wp\/v2\/users\/3"}],"replies":[{"embeddable":true,"href":"https:\/\/www.gfs-umweltausschuss.de\/index.php?rest_route=%2Fwp%2Fv2%2Fcomments&post=9580"}],"version-history":[{"count":1,"href":"https:\/\/www.gfs-umweltausschuss.de\/index.php?rest_route=\/wp\/v2\/posts\/9580\/revisions"}],"predecessor-version":[{"id":9582,"href":"https:\/\/www.gfs-umweltausschuss.de\/index.php?rest_route=\/wp\/v2\/posts\/9580\/revisions\/9582"}],"wp:attachment":[{"href":"https:\/\/www.gfs-umweltausschuss.de\/index.php?rest_route=%2Fwp%2Fv2%2Fmedia&parent=9580"}],"wp:term":[{"taxonomy":"category","embeddable":true,"href":"https:\/\/www.gfs-umweltausschuss.de\/index.php?rest_route=%2Fwp%2Fv2%2Fcategories&post=9580"},{"taxonomy":"post_tag","embeddable":true,"href":"https:\/\/www.gfs-umweltausschuss.de\/index.php?rest_route=%2Fwp%2Fv2%2Ftags&post=9580"}],"curies":[{"name":"wp","href":"https:\/\/api.w.org\/{rel}","templated":true}]}}