{"id":9814,"date":"2023-05-01T21:22:50","date_gmt":"2023-05-01T19:22:50","guid":{"rendered":"https:\/\/www.gfs-umweltausschuss.de\/?p=9814"},"modified":"2023-05-01T21:22:50","modified_gmt":"2023-05-01T19:22:50","slug":"netzwerktreffen-der-naturparkschulen","status":"publish","type":"post","link":"https:\/\/www.gfs-umweltausschuss.de\/?p=9814","title":{"rendered":"Netzwerktreffen der Naturparkschulen"},"content":{"rendered":"<p>Das Netzwerktreffen der Naturparkschulen des Naturparks D\u00fcmmer fand in diesem Jahr an der Stemweder-Berg-Schule in Wehdem statt. Wir wurden \u00fcber die dortigen Projekte informiert, machten eine Schulbesichtigung einschlie\u00dflich des Bienenhauses und tauschten Erfahrungen aus.<\/p>\n","protected":false},"excerpt":{"rendered":"<p>Das Netzwerktreffen der Naturparkschulen des Naturparks D\u00fcmmer fand in diesem Jahr an der Stemweder-Berg-Schule in Wehdem statt. Wir wurden \u00fcber die dortigen Projekte informiert, machten eine Schulbesichtigung einschlie\u00dflich des Bienenhauses und tauschten Erfahrungen aus.<\/p>\n","protected":false},"author":3,"featured_media":0,"comment_status":"open","ping_status":"closed","sticky":false,"template":"","format":"standard","meta":{"footnotes":""},"categories":[14],"tags":[],"class_list":["post-9814","post","type-post","status-publish","format-standard","hentry","category-naturpark-duemmer"],"_links":{"self":[{"href":"https:\/\/www.gfs-umweltausschuss.de\/index.php?rest_route=\/wp\/v2\/posts\/9814","targetHints":{"allow":["GET"]}}],"collection":[{"href":"https:\/\/www.gfs-umweltausschuss.de\/index.php?rest_route=\/wp\/v2\/posts"}],"about":[{"href":"https:\/\/www.gfs-umweltausschuss.de\/index.php?rest_route=\/wp\/v2\/types\/post"}],"author":[{"embeddable":true,"href":"https:\/\/www.gfs-umweltausschuss.de\/index.php?rest_route=\/wp\/v2\/users\/3"}],"replies":[{"embeddable":true,"href":"https:\/\/www.gfs-umweltausschuss.de\/index.php?rest_route=%2Fwp%2Fv2%2Fcomments&post=9814"}],"version-history":[{"count":1,"href":"https:\/\/www.gfs-umweltausschuss.de\/index.php?rest_route=\/wp\/v2\/posts\/9814\/revisions"}],"predecessor-version":[{"id":9815,"href":"https:\/\/www.gfs-umweltausschuss.de\/index.php?rest_route=\/wp\/v2\/posts\/9814\/revisions\/9815"}],"wp:attachment":[{"href":"https:\/\/www.gfs-umweltausschuss.de\/index.php?rest_route=%2Fwp%2Fv2%2Fmedia&parent=9814"}],"wp:term":[{"taxonomy":"category","embeddable":true,"href":"https:\/\/www.gfs-umweltausschuss.de\/index.php?rest_route=%2Fwp%2Fv2%2Fcategories&post=9814"},{"taxonomy":"post_tag","embeddable":true,"href":"https:\/\/www.gfs-umweltausschuss.de\/index.php?rest_route=%2Fwp%2Fv2%2Ftags&post=9814"}],"curies":[{"name":"wp","href":"https:\/\/api.w.org\/{rel}","templated":true}]}}