{"id":9904,"date":"2023-06-25T13:28:35","date_gmt":"2023-06-25T11:28:35","guid":{"rendered":"https:\/\/www.gfs-umweltausschuss.de\/?p=9904"},"modified":"2023-06-25T13:28:35","modified_gmt":"2023-06-25T11:28:35","slug":"blumenlogo-und-bluehstreifen","status":"publish","type":"post","link":"https:\/\/www.gfs-umweltausschuss.de\/?p=9904","title":{"rendered":"Blumenlogo und Bl\u00fchstreifen"},"content":{"rendered":"<p><a href=\"https:\/\/gfs-diepholz.de\/blumenlogo-und-bluehstreifen\/\" target=\"_blank\" rel=\"noopener\"><img loading=\"lazy\" decoding=\"async\" class=\"aligncenter wp-image-9906\" src=\"https:\/\/www.gfs-umweltausschuss.de\/wp-content\/uploads\/zzz-150x150.png\" alt=\"\" width=\"120\" height=\"120\" \/><\/a>Seit einigen Tagen begr\u00fc\u00dft ein farbenfrohes Blumenlogo in Form des Schriftzuges &#8222;GFS 100&#8220; die Mitglieder der Schulgemeinschaft und Besucher, die von der Seite der Mediothek zur Schule kommen. Die Fl\u00e4che rechts und links davon sieht derzeit noch recht kahl aus, doch wird sich das hoffentlich in K\u00fcrze \u00e4ndern; denn auf ihr wurden nach entsprechenden Vorbereitungsarbeiten Wildblumensamen ausges\u00e4t. Weitere Informationen siehe <a href=\"https:\/\/gfs-diepholz.de\/blumenlogo-und-bluehstreifen\/\" target=\"_blank\" rel=\"noopener\">hier<\/a>.<\/p>\n","protected":false},"excerpt":{"rendered":"<p>Seit einigen Tagen begr\u00fc\u00dft ein farbenfrohes Blumenlogo in Form des Schriftzuges &#8222;GFS 100&#8220; die Mitglieder der Schulgemeinschaft und Besucher, die von der Seite der Mediothek zur Schule kommen. Die Fl\u00e4che rechts und links davon sieht derzeit noch recht kahl aus, doch wird sich das hoffentlich in K\u00fcrze \u00e4ndern; denn auf ihr wurden nach entsprechenden Vorbereitungsarbeiten [&hellip;]<\/p>\n","protected":false},"author":3,"featured_media":0,"comment_status":"open","ping_status":"closed","sticky":false,"template":"","format":"standard","meta":{"footnotes":""},"categories":[14,4],"tags":[],"class_list":["post-9904","post","type-post","status-publish","format-standard","hentry","category-naturpark-duemmer","category-umweltaktionen"],"_links":{"self":[{"href":"https:\/\/www.gfs-umweltausschuss.de\/index.php?rest_route=\/wp\/v2\/posts\/9904","targetHints":{"allow":["GET"]}}],"collection":[{"href":"https:\/\/www.gfs-umweltausschuss.de\/index.php?rest_route=\/wp\/v2\/posts"}],"about":[{"href":"https:\/\/www.gfs-umweltausschuss.de\/index.php?rest_route=\/wp\/v2\/types\/post"}],"author":[{"embeddable":true,"href":"https:\/\/www.gfs-umweltausschuss.de\/index.php?rest_route=\/wp\/v2\/users\/3"}],"replies":[{"embeddable":true,"href":"https:\/\/www.gfs-umweltausschuss.de\/index.php?rest_route=%2Fwp%2Fv2%2Fcomments&post=9904"}],"version-history":[{"count":1,"href":"https:\/\/www.gfs-umweltausschuss.de\/index.php?rest_route=\/wp\/v2\/posts\/9904\/revisions"}],"predecessor-version":[{"id":9907,"href":"https:\/\/www.gfs-umweltausschuss.de\/index.php?rest_route=\/wp\/v2\/posts\/9904\/revisions\/9907"}],"wp:attachment":[{"href":"https:\/\/www.gfs-umweltausschuss.de\/index.php?rest_route=%2Fwp%2Fv2%2Fmedia&parent=9904"}],"wp:term":[{"taxonomy":"category","embeddable":true,"href":"https:\/\/www.gfs-umweltausschuss.de\/index.php?rest_route=%2Fwp%2Fv2%2Fcategories&post=9904"},{"taxonomy":"post_tag","embeddable":true,"href":"https:\/\/www.gfs-umweltausschuss.de\/index.php?rest_route=%2Fwp%2Fv2%2Ftags&post=9904"}],"curies":[{"name":"wp","href":"https:\/\/api.w.org\/{rel}","templated":true}]}}