{"id":9982,"date":"2023-08-24T00:35:49","date_gmt":"2023-08-23T22:35:49","guid":{"rendered":"https:\/\/www.gfs-umweltausschuss.de\/?p=9982"},"modified":"2023-08-26T22:08:34","modified_gmt":"2023-08-26T20:08:34","slug":"100-jahre-gfs-projekttag-3","status":"publish","type":"post","link":"https:\/\/www.gfs-umweltausschuss.de\/?p=9982","title":{"rendered":"&#8222;100 Jahre GFS&#8220;  &#8211;  Projekttag 3"},"content":{"rendered":"<p><a href=\"https:\/\/www.gfs-umweltausschuss.de\/wp-content\/uploads\/230823_Projekttag-3-Schulgarten-72.jpg\" target=\"_blank\" rel=\"noopener\"><img loading=\"lazy\" decoding=\"async\" class=\"aligncenter wp-image-9984\" src=\"https:\/\/www.gfs-umweltausschuss.de\/wp-content\/uploads\/230823_Projekttag-3-Schulgarten-72-150x150.jpg\" alt=\"\" width=\"120\" height=\"120\" \/><\/a>Wer glaubte, am dritten Projekttag sei die Luft raus, der irrte. Auch an Tag 3 wurden viele Punkte, die auf der Schulgarten-Agenda standen, ruckzuck abgearbeitet, z.T. wieder in gelungener Teamarbeit mit den Oberstufensch\u00fclern, die ebenfalls mit ihrem Projekt im Schulgarten waren (s. gesonderten Bericht). Unterst\u00fctzt wurden wir zudem f\u00fcr einige Stunden von Mitgliedern des Jgs. 13, die v.a. auf dem Hang und an der Feuerstelle wertvolle Hilfe leisteten. Abgerundet wurde der letzte Projekttag durch das R\u00f6sten von Stockbrot \u00fcber dem Lagerfeuer. Es waren drei wunderbare Tage, an denen dieses tolle Team au\u00dferordentlich viel geschafft hat.<br \/>\n<a href=\"https:\/\/gfs-diepholz.de\/schulgarten-und-schulwald-um-kaeferburgen-bereichert\/\" target=\"_blank\" rel=\"noopener\">Hier<\/a> geht&#8217;s zum Bericht auf der GFS-Website.<\/p>\n","protected":false},"excerpt":{"rendered":"<p>Wer glaubte, am dritten Projekttag sei die Luft raus, der irrte. Auch an Tag 3 wurden viele Punkte, die auf der Schulgarten-Agenda standen, ruckzuck abgearbeitet, z.T. wieder in gelungener Teamarbeit mit den Oberstufensch\u00fclern, die ebenfalls mit ihrem Projekt im Schulgarten waren (s. gesonderten Bericht). Unterst\u00fctzt wurden wir zudem f\u00fcr einige Stunden von Mitgliedern des Jgs. [&hellip;]<\/p>\n","protected":false},"author":3,"featured_media":0,"comment_status":"open","ping_status":"closed","sticky":false,"template":"","format":"standard","meta":{"footnotes":""},"categories":[14,9,4],"tags":[],"class_list":["post-9982","post","type-post","status-publish","format-standard","hentry","category-naturpark-duemmer","category-schulgarten","category-umweltaktionen"],"_links":{"self":[{"href":"https:\/\/www.gfs-umweltausschuss.de\/index.php?rest_route=\/wp\/v2\/posts\/9982","targetHints":{"allow":["GET"]}}],"collection":[{"href":"https:\/\/www.gfs-umweltausschuss.de\/index.php?rest_route=\/wp\/v2\/posts"}],"about":[{"href":"https:\/\/www.gfs-umweltausschuss.de\/index.php?rest_route=\/wp\/v2\/types\/post"}],"author":[{"embeddable":true,"href":"https:\/\/www.gfs-umweltausschuss.de\/index.php?rest_route=\/wp\/v2\/users\/3"}],"replies":[{"embeddable":true,"href":"https:\/\/www.gfs-umweltausschuss.de\/index.php?rest_route=%2Fwp%2Fv2%2Fcomments&post=9982"}],"version-history":[{"count":4,"href":"https:\/\/www.gfs-umweltausschuss.de\/index.php?rest_route=\/wp\/v2\/posts\/9982\/revisions"}],"predecessor-version":[{"id":9995,"href":"https:\/\/www.gfs-umweltausschuss.de\/index.php?rest_route=\/wp\/v2\/posts\/9982\/revisions\/9995"}],"wp:attachment":[{"href":"https:\/\/www.gfs-umweltausschuss.de\/index.php?rest_route=%2Fwp%2Fv2%2Fmedia&parent=9982"}],"wp:term":[{"taxonomy":"category","embeddable":true,"href":"https:\/\/www.gfs-umweltausschuss.de\/index.php?rest_route=%2Fwp%2Fv2%2Fcategories&post=9982"},{"taxonomy":"post_tag","embeddable":true,"href":"https:\/\/www.gfs-umweltausschuss.de\/index.php?rest_route=%2Fwp%2Fv2%2Ftags&post=9982"}],"curies":[{"name":"wp","href":"https:\/\/api.w.org\/{rel}","templated":true}]}}